{"id":2246,"date":"2021-10-17T17:30:59","date_gmt":"2021-10-17T15:30:59","guid":{"rendered":"https:\/\/inmabenicio.es\/?p=2246"},"modified":"2021-10-17T17:40:09","modified_gmt":"2021-10-17T15:40:09","slug":"cultura-unida","status":"publish","type":"post","link":"https:\/\/inmabenicio.es\/?p=2246","title":{"rendered":"Cultura Unida"},"content":{"rendered":"<p>&nbsp;<\/p>\n<p>Dos facetas culturales se funden en nuestra editorial. La moda flamenca, con su artesan\u00eda, su idiosincrasia y su ic\u00f3nica proyecci\u00f3n como imaginario internacional, y el Monasterio de San Isidoro del Campo, uno de nuestros bienes culturales m\u00e1s especiales y caracter\u00edstico del estilo g\u00f3tico y mud\u00e9jar.<\/p>\n<p>Comenzamos un oto\u00f1o flamenco con miras de un futuro prometedor y lleno de energ\u00eda, creatividad y buen hacer. Iniciamos un camino lleno de esperanza para nuestro sector, un sector herido pero pleno de ganas y arte. As\u00ed ser\u00e1.<\/p>\n<p><img loading=\"lazy\" decoding=\"async\" class=\" wp-image-2248 aligncenter\" src=\"https:\/\/inmabenicio.es\/wp-content\/uploads\/2021\/10\/Inma-Benicio-4-1024x683-1-300x200.jpg\" alt=\"\" width=\"800\" height=\"534\" srcset=\"https:\/\/inmabenicio.es\/wp-content\/uploads\/2021\/10\/Inma-Benicio-4-1024x683-1-300x200.jpg 300w, https:\/\/inmabenicio.es\/wp-content\/uploads\/2021\/10\/Inma-Benicio-4-1024x683-1-768x512.jpg 768w, https:\/\/inmabenicio.es\/wp-content\/uploads\/2021\/10\/Inma-Benicio-4-1024x683-1-600x400.jpg 600w, https:\/\/inmabenicio.es\/wp-content\/uploads\/2021\/10\/Inma-Benicio-4-1024x683-1.jpg 1024w\" sizes=\"auto, (max-width: 800px) 100vw, 800px\" \/><\/p>\n<p><img loading=\"lazy\" decoding=\"async\" class=\"wp-image-2247 aligncenter\" style=\"font-size: 1rem;\" src=\"https:\/\/inmabenicio.es\/wp-content\/uploads\/2021\/10\/Inma-Benicio-3-e1634484582624-300x260.jpg\" alt=\"\" width=\"592\" height=\"514\" srcset=\"https:\/\/inmabenicio.es\/wp-content\/uploads\/2021\/10\/Inma-Benicio-3-e1634484582624-300x260.jpg 300w, https:\/\/inmabenicio.es\/wp-content\/uploads\/2021\/10\/Inma-Benicio-3-e1634484582624-1024x887.jpg 1024w, https:\/\/inmabenicio.es\/wp-content\/uploads\/2021\/10\/Inma-Benicio-3-e1634484582624-768x665.jpg 768w, https:\/\/inmabenicio.es\/wp-content\/uploads\/2021\/10\/Inma-Benicio-3-e1634484582624-600x520.jpg 600w, https:\/\/inmabenicio.es\/wp-content\/uploads\/2021\/10\/Inma-Benicio-3-e1634484582624.jpg 1500w\" sizes=\"auto, (max-width: 592px) 100vw, 592px\" \/><\/p>\n<p><img loading=\"lazy\" decoding=\"async\" class=\"alignnone wp-image-2251\" src=\"https:\/\/inmabenicio.es\/wp-content\/uploads\/2021\/10\/inma-240x300.jpg\" alt=\"\" width=\"365\" height=\"457\" srcset=\"https:\/\/inmabenicio.es\/wp-content\/uploads\/2021\/10\/inma-240x300.jpg 240w, https:\/\/inmabenicio.es\/wp-content\/uploads\/2021\/10\/inma-819x1024.jpg 819w, https:\/\/inmabenicio.es\/wp-content\/uploads\/2021\/10\/inma-768x960.jpg 768w, https:\/\/inmabenicio.es\/wp-content\/uploads\/2021\/10\/inma-1229x1536.jpg 1229w, https:\/\/inmabenicio.es\/wp-content\/uploads\/2021\/10\/inma-600x750.jpg 600w, https:\/\/inmabenicio.es\/wp-content\/uploads\/2021\/10\/inma.jpg 1440w\" sizes=\"auto, (max-width: 365px) 100vw, 365px\" \/>\u00a0 \u00a0 \u00a0 \u00a0 \u00a0 \u00a0 \u00a0 \u00a0 \u00a0\u00a0 <img loading=\"lazy\" decoding=\"async\" class=\"alignnone wp-image-2250\" src=\"https:\/\/inmabenicio.es\/wp-content\/uploads\/2021\/10\/ii-240x300.jpg\" alt=\"\" width=\"367\" height=\"459\" srcset=\"https:\/\/inmabenicio.es\/wp-content\/uploads\/2021\/10\/ii-240x300.jpg 240w, https:\/\/inmabenicio.es\/wp-content\/uploads\/2021\/10\/ii.jpg 576w\" sizes=\"auto, (max-width: 367px) 100vw, 367px\" \/><\/p>\n<p>Enlace: <a href=\"https:\/\/qlamenco.org\/cultura-unida\/\">Qlamenco<\/a><\/p>\n<pre>Desing: Inma Benicio\r\nMant\u00f3n: Mantones Foronda\r\nEditor de Moda: Pedro Gonz\u00e1lez\r\nMaquillaje y peluquer\u00eda: Cristina Rivero Make Up\r\nModelo: Raquel Vargas de Doble Erre\r\nJunta Andalucia - Turismo Andaluc\u00eda<\/pre>\n<p>&nbsp;<\/p>\n<p>&nbsp;<\/p>\n","protected":false},"excerpt":{"rendered":"<p>&nbsp; Dos facetas culturales se funden en nuestra editorial. La moda flamenca, con su artesan\u00eda, su idiosincrasia y su ic\u00f3nica &hellip; <a href=\"https:\/\/inmabenicio.es\/?p=2246\" class=\"more-link\"><span class=\"more-button\">Sigue leyendo<span class=\"screen-reader-text\">Cultura Unida<\/span><\/span><\/a><\/p>\n","protected":false},"author":1,"featured_media":2247,"comment_status":"open","ping_status":"open","sticky":false,"template":"","format":"standard","meta":{"_bbp_topic_count":0,"_bbp_reply_count":0,"_bbp_total_topic_count":0,"_bbp_total_reply_count":0,"_bbp_voice_count":0,"_bbp_anonymous_reply_count":0,"_bbp_topic_count_hidden":0,"_bbp_reply_count_hidden":0,"_bbp_forum_subforum_count":0,"sfsi_plus_gutenberg_text_before_share":"","sfsi_plus_gutenberg_show_text_before_share":"","sfsi_plus_gutenberg_icon_type":"","sfsi_plus_gutenberg_icon_alignemt":"","sfsi_plus_gutenburg_max_per_row":"","_jetpack_memberships_contains_paid_content":false,"footnotes":""},"categories":[1,12,23],"tags":[],"class_list":["post-2246","post","type-post","status-publish","format-standard","has-post-thumbnail","hentry","category-blog","category-editorial","category-ultimas-noticias-y-actualizaciones"],"jetpack_featured_media_url":"https:\/\/inmabenicio.es\/wp-content\/uploads\/2021\/10\/Inma-Benicio-3-e1634484582624.jpg","jetpack_sharing_enabled":true,"_links":{"self":[{"href":"https:\/\/inmabenicio.es\/index.php?rest_route=\/wp\/v2\/posts\/2246","targetHints":{"allow":["GET"]}}],"collection":[{"href":"https:\/\/inmabenicio.es\/index.php?rest_route=\/wp\/v2\/posts"}],"about":[{"href":"https:\/\/inmabenicio.es\/index.php?rest_route=\/wp\/v2\/types\/post"}],"author":[{"embeddable":true,"href":"https:\/\/inmabenicio.es\/index.php?rest_route=\/wp\/v2\/users\/1"}],"replies":[{"embeddable":true,"href":"https:\/\/inmabenicio.es\/index.php?rest_route=%2Fwp%2Fv2%2Fcomments&post=2246"}],"version-history":[{"count":6,"href":"https:\/\/inmabenicio.es\/index.php?rest_route=\/wp\/v2\/posts\/2246\/revisions"}],"predecessor-version":[{"id":2256,"href":"https:\/\/inmabenicio.es\/index.php?rest_route=\/wp\/v2\/posts\/2246\/revisions\/2256"}],"wp:featuredmedia":[{"embeddable":true,"href":"https:\/\/inmabenicio.es\/index.php?rest_route=\/wp\/v2\/media\/2247"}],"wp:attachment":[{"href":"https:\/\/inmabenicio.es\/index.php?rest_route=%2Fwp%2Fv2%2Fmedia&parent=2246"}],"wp:term":[{"taxonomy":"category","embeddable":true,"href":"https:\/\/inmabenicio.es\/index.php?rest_route=%2Fwp%2Fv2%2Fcategories&post=2246"},{"taxonomy":"post_tag","embeddable":true,"href":"https:\/\/inmabenicio.es\/index.php?rest_route=%2Fwp%2Fv2%2Ftags&post=2246"}],"curies":[{"name":"wp","href":"https:\/\/api.w.org\/{rel}","templated":true}]}}